{"id":2267,"date":"2010-10-22T12:19:01","date_gmt":"2010-10-22T12:19:01","guid":{"rendered":"http:\/\/www.muntdemots.org\/?p=2267"},"modified":"2010-10-22T12:19:01","modified_gmt":"2010-10-22T12:19:01","slug":"21102010-pep-duran-a-la-biblioteca-francesca-bonnemaison","status":"publish","type":"post","link":"http:\/\/muntdemots.org\/2010\/2010\/10\/21102010-pep-duran-a-la-biblioteca-francesca-bonnemaison\/","title":{"rendered":"21\/10\/2010 Pep Duran a la biblioteca Francesca Bonnemaison"},"content":{"rendered":"\n\t\t<style type=\"text\/css\">\n\t\t\t#gallery-1 {\n\t\t\t\tmargin: auto;\n\t\t\t}\n\t\t\t#gallery-1 .gallery-item {\n\t\t\t\tfloat: left;\n\t\t\t\tmargin-top: 10px;\n\t\t\t\ttext-align: center;\n\t\t\t\twidth: 33%;\n\t\t\t}\n\t\t\t#gallery-1 img {\n\t\t\t\tborder: 2px solid #cfcfcf;\n\t\t\t}\n\t\t\t#gallery-1 .gallery-caption {\n\t\t\t\tmargin-left: 0;\n\t\t\t}\n\t\t\t\/* see gallery_shortcode() in wp-includes\/media.php *\/\n\t\t<\/style>\n\t\t<div id='gallery-1' class='gallery galleryid-2267 gallery-columns-3 gallery-size-thumbnail'><dl class='gallery-item'>\n\t\t\t<dt class='gallery-icon landscape'>\n\t\t\t\t<a href='https:\/\/muntdemots.org\/2010\/wp-content\/uploads\/2010\/10\/IMG_3021.jpg'><img width=\"150\" height=\"150\" src=\"https:\/\/muntdemots.org\/2010\/wp-content\/uploads\/2010\/10\/IMG_3021-150x150.jpg\" class=\"attachment-thumbnail size-thumbnail\" alt=\"\" decoding=\"async\" loading=\"lazy\" \/><\/a>\n\t\t\t<\/dt><\/dl><dl class='gallery-item'>\n\t\t\t<dt class='gallery-icon landscape'>\n\t\t\t\t<a href='https:\/\/muntdemots.org\/2010\/wp-content\/uploads\/2010\/10\/IMG_3017.jpg'><img width=\"150\" height=\"150\" src=\"https:\/\/muntdemots.org\/2010\/wp-content\/uploads\/2010\/10\/IMG_3017-150x150.jpg\" class=\"attachment-thumbnail size-thumbnail\" alt=\"\" decoding=\"async\" loading=\"lazy\" \/><\/a>\n\t\t\t<\/dt><\/dl><dl class='gallery-item'>\n\t\t\t<dt class='gallery-icon landscape'>\n\t\t\t\t<a href='https:\/\/muntdemots.org\/2010\/wp-content\/uploads\/2010\/10\/IMG_3018.jpg'><img width=\"150\" height=\"150\" src=\"https:\/\/muntdemots.org\/2010\/wp-content\/uploads\/2010\/10\/IMG_3018-150x150.jpg\" class=\"attachment-thumbnail size-thumbnail\" alt=\"\" decoding=\"async\" loading=\"lazy\" \/><\/a>\n\t\t\t<\/dt><\/dl><br style=\"clear: both\" \/><dl class='gallery-item'>\n\t\t\t<dt class='gallery-icon landscape'>\n\t\t\t\t<a href='https:\/\/muntdemots.org\/2010\/wp-content\/uploads\/2010\/10\/IMG_3019.jpg'><img width=\"150\" height=\"150\" src=\"https:\/\/muntdemots.org\/2010\/wp-content\/uploads\/2010\/10\/IMG_3019-150x150.jpg\" class=\"attachment-thumbnail size-thumbnail\" alt=\"\" decoding=\"async\" loading=\"lazy\" \/><\/a>\n\t\t\t<\/dt><\/dl><dl class='gallery-item'>\n\t\t\t<dt class='gallery-icon landscape'>\n\t\t\t\t<a href='https:\/\/muntdemots.org\/2010\/wp-content\/uploads\/2010\/10\/IMG_3016.jpg'><img width=\"150\" height=\"150\" src=\"https:\/\/muntdemots.org\/2010\/wp-content\/uploads\/2010\/10\/IMG_3016-150x150.jpg\" class=\"attachment-thumbnail size-thumbnail\" alt=\"\" decoding=\"async\" loading=\"lazy\" \/><\/a>\n\t\t\t<\/dt><\/dl><dl class='gallery-item'>\n\t\t\t<dt class='gallery-icon landscape'>\n\t\t\t\t<a href='https:\/\/muntdemots.org\/2010\/wp-content\/uploads\/2010\/10\/IMG_3015.jpg'><img width=\"150\" height=\"150\" src=\"https:\/\/muntdemots.org\/2010\/wp-content\/uploads\/2010\/10\/IMG_3015-150x150.jpg\" class=\"attachment-thumbnail size-thumbnail\" alt=\"\" decoding=\"async\" loading=\"lazy\" \/><\/a>\n\t\t\t<\/dt><\/dl><br style=\"clear: both\" \/>\n\t\t<\/div>\n\n<p style=\"text-align: justify\">El Pep Duran va extendre, literalment!, tot el seu ofici a la Bonnemaison i va teixir amb la seva M\u00e0gia una delicada xarxa amb que va atrapar el cor de tots els presents, per endinsar-los en el misteri ocult en els contes i que no \u00e9s altre que la saviesa, les pors, els desitjos i els secrets que tots amagem al nostre interior. Moltes gr\u00e0cies pel meravell\u00f3s viatge, TRAGINER DE CONTES.<\/p>\n","protected":false},"excerpt":{"rendered":"<p>El Pep Duran va extendre, literalment!, tot el seu ofici a la Bonnemaison i va teixir amb la seva M\u00e0gia una delicada xarxa amb que va atrapar el cor de tots els presents, per endinsar-los en el misteri ocult en els contes i que no \u00e9s altre que la saviesa, les pors, els desitjos i [&hellip;]<\/p>\n","protected":false},"author":15,"featured_media":0,"comment_status":"open","ping_status":"open","sticky":false,"template":"","format":"standard","meta":[],"categories":[1],"tags":[],"_links":{"self":[{"href":"http:\/\/muntdemots.org\/2010\/wp-json\/wp\/v2\/posts\/2267"}],"collection":[{"href":"http:\/\/muntdemots.org\/2010\/wp-json\/wp\/v2\/posts"}],"about":[{"href":"http:\/\/muntdemots.org\/2010\/wp-json\/wp\/v2\/types\/post"}],"author":[{"embeddable":true,"href":"http:\/\/muntdemots.org\/2010\/wp-json\/wp\/v2\/users\/15"}],"replies":[{"embeddable":true,"href":"http:\/\/muntdemots.org\/2010\/wp-json\/wp\/v2\/comments?post=2267"}],"version-history":[{"count":3,"href":"http:\/\/muntdemots.org\/2010\/wp-json\/wp\/v2\/posts\/2267\/revisions"}],"predecessor-version":[{"id":2276,"href":"http:\/\/muntdemots.org\/2010\/wp-json\/wp\/v2\/posts\/2267\/revisions\/2276"}],"wp:attachment":[{"href":"http:\/\/muntdemots.org\/2010\/wp-json\/wp\/v2\/media?parent=2267"}],"wp:term":[{"taxonomy":"category","embeddable":true,"href":"http:\/\/muntdemots.org\/2010\/wp-json\/wp\/v2\/categories?post=2267"},{"taxonomy":"post_tag","embeddable":true,"href":"http:\/\/muntdemots.org\/2010\/wp-json\/wp\/v2\/tags?post=2267"}],"curies":[{"name":"wp","href":"https:\/\/api.w.org\/{rel}","templated":true}]}}