{"id":1831,"date":"2010-10-18T15:15:06","date_gmt":"2010-10-18T15:15:06","guid":{"rendered":"http:\/\/www.muntdemots.org\/?p=1831"},"modified":"2010-10-18T15:15:06","modified_gmt":"2010-10-18T15:15:06","slug":"17102010-la-monica-torra-daquells-boleros-aquest-contes","status":"publish","type":"post","link":"http:\/\/muntdemots.org\/2010\/2010\/10\/17102010-la-monica-torra-daquells-boleros-aquest-contes\/","title":{"rendered":"17\/10\/2010 La M\u00f2nica Torra D&#8217;AQUELLS BOLEROS AQUEST CONTES"},"content":{"rendered":"<p><a href=\"\/2010\/wp-content\/uploads\/2010\/10\/taller-Flavia-0591.jpg\"><img decoding=\"async\" loading=\"lazy\" class=\"alignright size-medium wp-image-1900\" src=\"\/2010\/wp-content\/uploads\/2010\/10\/taller-Flavia-0591-300x199.jpg\" alt=\"\" width=\"300\" height=\"199\" srcset=\"https:\/\/muntdemots.org\/2010\/wp-content\/uploads\/2010\/10\/taller-Flavia-0591-300x199.jpg 300w, https:\/\/muntdemots.org\/2010\/wp-content\/uploads\/2010\/10\/taller-Flavia-0591.jpg 800w\" sizes=\"(max-width: 300px) 100vw, 300px\" \/><\/a><a href=\"\/2010\/wp-content\/uploads\/2010\/10\/taller-Flavia-080.jpg\"><img decoding=\"async\" loading=\"lazy\" class=\"alignleft size-medium wp-image-1898\" src=\"\/2010\/wp-content\/uploads\/2010\/10\/taller-Flavia-080-300x199.jpg\" alt=\"\" width=\"300\" height=\"199\" srcset=\"https:\/\/muntdemots.org\/2010\/wp-content\/uploads\/2010\/10\/taller-Flavia-080-300x199.jpg 300w, https:\/\/muntdemots.org\/2010\/wp-content\/uploads\/2010\/10\/taller-Flavia-080.jpg 800w\" sizes=\"(max-width: 300px) 100vw, 300px\" \/><\/a><a href=\"\/2010\/wp-content\/uploads\/2010\/10\/taller-Flavia-067.jpg\"><img decoding=\"async\" loading=\"lazy\" class=\"alignright size-medium wp-image-1896\" src=\"\/2010\/wp-content\/uploads\/2010\/10\/taller-Flavia-067-300x199.jpg\" alt=\"\" width=\"300\" height=\"199\" srcset=\"https:\/\/muntdemots.org\/2010\/wp-content\/uploads\/2010\/10\/taller-Flavia-067-300x199.jpg 300w, https:\/\/muntdemots.org\/2010\/wp-content\/uploads\/2010\/10\/taller-Flavia-067.jpg 800w\" sizes=\"(max-width: 300px) 100vw, 300px\" \/><\/a><a href=\"\/2010\/wp-content\/uploads\/2010\/10\/taller-Flavia-072.jpg\"><img decoding=\"async\" loading=\"lazy\" class=\"alignleft size-medium wp-image-1894\" src=\"\/2010\/wp-content\/uploads\/2010\/10\/taller-Flavia-072-199x300.jpg\" alt=\"\" width=\"199\" height=\"300\" srcset=\"https:\/\/muntdemots.org\/2010\/wp-content\/uploads\/2010\/10\/taller-Flavia-072-199x300.jpg 199w, https:\/\/muntdemots.org\/2010\/wp-content\/uploads\/2010\/10\/taller-Flavia-072.jpg 533w\" sizes=\"(max-width: 199px) 100vw, 199px\" \/><\/a><a href=\"\/2010\/wp-content\/uploads\/2010\/10\/taller-Flavia-052.jpg\"><img decoding=\"async\" loading=\"lazy\" class=\"alignright size-medium wp-image-1879\" src=\"\/2010\/wp-content\/uploads\/2010\/10\/taller-Flavia-052-300x199.jpg\" alt=\"\" width=\"300\" height=\"199\" srcset=\"https:\/\/muntdemots.org\/2010\/wp-content\/uploads\/2010\/10\/taller-Flavia-052-300x199.jpg 300w, https:\/\/muntdemots.org\/2010\/wp-content\/uploads\/2010\/10\/taller-Flavia-052.jpg 800w\" sizes=\"(max-width: 300px) 100vw, 300px\" \/><\/a>Extraordinaria la M\u00f2nica Torra narrant contes i cantant boleros al piano a un marc incomparable com \u00e9s el Museu de la M\u00fasica. Acompanyada al piano explicar-nos tres contes d&#8217;amor i sexe i de mort, (dos del seu germ\u00e0 i un tercer d&#8217;en juan Jos\u00e9 Mill\u00e0s) i de manera escaient seixava anar un bolero seguit t\u00edmidamnet per un p\u00fablic que omplia el format. Varem riure, ens vam emocionar i tornarem a riure amb una contacontes amb unes enormes dots d&#8217;interpretaci\u00f3 i imporovisaci\u00f3, i enorme\u00a0sentit de l&#8217;humor i empatia. Gr\u00e0cies M\u00f2nica.<\/p>\n","protected":false},"excerpt":{"rendered":"<p>Extraordinaria la M\u00f2nica Torra narrant contes i cantant boleros al piano a un marc incomparable com \u00e9s el Museu de la M\u00fasica. Acompanyada al piano explicar-nos tres contes d&#8217;amor i sexe i de mort, (dos del seu germ\u00e0 i un tercer d&#8217;en juan Jos\u00e9 Mill\u00e0s) i de manera escaient seixava anar un bolero seguit t\u00edmidamnet [&hellip;]<\/p>\n","protected":false},"author":3,"featured_media":0,"comment_status":"open","ping_status":"open","sticky":false,"template":"","format":"standard","meta":[],"categories":[1],"tags":[],"_links":{"self":[{"href":"http:\/\/muntdemots.org\/2010\/wp-json\/wp\/v2\/posts\/1831"}],"collection":[{"href":"http:\/\/muntdemots.org\/2010\/wp-json\/wp\/v2\/posts"}],"about":[{"href":"http:\/\/muntdemots.org\/2010\/wp-json\/wp\/v2\/types\/post"}],"author":[{"embeddable":true,"href":"http:\/\/muntdemots.org\/2010\/wp-json\/wp\/v2\/users\/3"}],"replies":[{"embeddable":true,"href":"http:\/\/muntdemots.org\/2010\/wp-json\/wp\/v2\/comments?post=1831"}],"version-history":[{"count":2,"href":"http:\/\/muntdemots.org\/2010\/wp-json\/wp\/v2\/posts\/1831\/revisions"}],"predecessor-version":[{"id":1902,"href":"http:\/\/muntdemots.org\/2010\/wp-json\/wp\/v2\/posts\/1831\/revisions\/1902"}],"wp:attachment":[{"href":"http:\/\/muntdemots.org\/2010\/wp-json\/wp\/v2\/media?parent=1831"}],"wp:term":[{"taxonomy":"category","embeddable":true,"href":"http:\/\/muntdemots.org\/2010\/wp-json\/wp\/v2\/categories?post=1831"},{"taxonomy":"post_tag","embeddable":true,"href":"http:\/\/muntdemots.org\/2010\/wp-json\/wp\/v2\/tags?post=1831"}],"curies":[{"name":"wp","href":"https:\/\/api.w.org\/{rel}","templated":true}]}}