{"id":1777,"date":"2010-10-17T19:04:41","date_gmt":"2010-10-17T19:04:41","guid":{"rendered":"http:\/\/www.muntdemots.org\/?p=1777"},"modified":"2010-10-18T14:00:44","modified_gmt":"2010-10-18T14:00:44","slug":"munt-de-mots-amb-ruben-martinez-i-oriol-toro","status":"publish","type":"post","link":"http:\/\/muntdemots.org\/2010\/2010\/10\/munt-de-mots-amb-ruben-martinez-i-oriol-toro\/","title":{"rendered":"MUNT DE MOTS AMB&#8230; Rub\u00e9n Mart\u00ednez i Oriol Toro"},"content":{"rendered":"<p>Si\u00a0alguna cosa t\u00e9 aquest art de la narraci\u00f3 oral \u00e9s la seva capacitat de recrear contes en tot moment! Per circumst\u00e0ncies imprevistes, la Fanny no ha pogut acompanyar-nos avui amb els seus contes al Centre C\u00edvic Les Corts.\u00a0Aix\u00ed que en Rub\u00e9n Mart\u00ednez i l\u2019Oriol Toro ens han sorpr\u00e8s amb un espectacle infantil on no han faltat les can\u00e7ons, hist\u00f2ries de nens i nenes, dits i mans que explicaven per s\u00ed sols, \u00a0i una desconeguda llegenda de Sant Jordi (que no tot ser\u00e0 salvar princeses!). I ho han fet acompanyats de l\u2019Enric, qui s\u2019ha encarregat de interpretar en llenguatge de signes catal\u00e0 i ha fet d\u2019ombra als narradors, convertint-se en un m\u00e9s d\u2019ells.<\/p>\n<p>Nens i adults han gaudit, han imaginat,\u00a0han cantat i han picat de mans i peus.<\/p>\n\n\t\t<style type=\"text\/css\">\n\t\t\t#gallery-1 {\n\t\t\t\tmargin: auto;\n\t\t\t}\n\t\t\t#gallery-1 .gallery-item {\n\t\t\t\tfloat: left;\n\t\t\t\tmargin-top: 10px;\n\t\t\t\ttext-align: center;\n\t\t\t\twidth: 33%;\n\t\t\t}\n\t\t\t#gallery-1 img {\n\t\t\t\tborder: 2px solid #cfcfcf;\n\t\t\t}\n\t\t\t#gallery-1 .gallery-caption {\n\t\t\t\tmargin-left: 0;\n\t\t\t}\n\t\t\t\/* see gallery_shortcode() in wp-includes\/media.php *\/\n\t\t<\/style>\n\t\t<div id='gallery-1' class='gallery galleryid-1777 gallery-columns-3 gallery-size-thumbnail'><dl class='gallery-item'>\n\t\t\t<dt class='gallery-icon landscape'>\n\t\t\t\t<a href='http:\/\/muntdemots.org\/2010\/2010\/10\/munt-de-mots-amb-ruben-martinez-i-oriol-toro\/cimg3300\/'><img width=\"150\" height=\"150\" src=\"https:\/\/muntdemots.org\/2010\/wp-content\/uploads\/2010\/10\/CIMG3300-150x150.jpg\" class=\"attachment-thumbnail size-thumbnail\" alt=\"\" decoding=\"async\" loading=\"lazy\" \/><\/a>\n\t\t\t<\/dt><\/dl><dl class='gallery-item'>\n\t\t\t<dt class='gallery-icon portrait'>\n\t\t\t\t<a href='http:\/\/muntdemots.org\/2010\/2010\/10\/munt-de-mots-amb-ruben-martinez-i-oriol-toro\/cimg3305\/'><img width=\"150\" height=\"150\" src=\"https:\/\/muntdemots.org\/2010\/wp-content\/uploads\/2010\/10\/CIMG3305-150x150.jpg\" class=\"attachment-thumbnail size-thumbnail\" alt=\"\" decoding=\"async\" loading=\"lazy\" \/><\/a>\n\t\t\t<\/dt><\/dl><dl class='gallery-item'>\n\t\t\t<dt class='gallery-icon landscape'>\n\t\t\t\t<a href='http:\/\/muntdemots.org\/2010\/2010\/10\/munt-de-mots-amb-ruben-martinez-i-oriol-toro\/cimg3310\/'><img width=\"150\" height=\"150\" src=\"https:\/\/muntdemots.org\/2010\/wp-content\/uploads\/2010\/10\/CIMG3310-150x150.jpg\" class=\"attachment-thumbnail size-thumbnail\" alt=\"\" decoding=\"async\" loading=\"lazy\" \/><\/a>\n\t\t\t<\/dt><\/dl><br style=\"clear: both\" \/><dl class='gallery-item'>\n\t\t\t<dt class='gallery-icon landscape'>\n\t\t\t\t<a href='http:\/\/muntdemots.org\/2010\/2010\/10\/munt-de-mots-amb-ruben-martinez-i-oriol-toro\/cimg3313\/'><img width=\"150\" height=\"150\" src=\"https:\/\/muntdemots.org\/2010\/wp-content\/uploads\/2010\/10\/CIMG3313-150x150.jpg\" class=\"attachment-thumbnail size-thumbnail\" alt=\"\" decoding=\"async\" loading=\"lazy\" \/><\/a>\n\t\t\t<\/dt><\/dl><dl class='gallery-item'>\n\t\t\t<dt class='gallery-icon landscape'>\n\t\t\t\t<a href='http:\/\/muntdemots.org\/2010\/2010\/10\/munt-de-mots-amb-ruben-martinez-i-oriol-toro\/cimg3314\/'><img width=\"150\" height=\"150\" src=\"https:\/\/muntdemots.org\/2010\/wp-content\/uploads\/2010\/10\/CIMG3314-150x150.jpg\" class=\"attachment-thumbnail size-thumbnail\" alt=\"\" decoding=\"async\" loading=\"lazy\" \/><\/a>\n\t\t\t<\/dt><\/dl><dl class='gallery-item'>\n\t\t\t<dt class='gallery-icon landscape'>\n\t\t\t\t<a href='http:\/\/muntdemots.org\/2010\/2010\/10\/munt-de-mots-amb-ruben-martinez-i-oriol-toro\/cimg3315\/'><img width=\"150\" height=\"150\" src=\"https:\/\/muntdemots.org\/2010\/wp-content\/uploads\/2010\/10\/CIMG3315-150x150.jpg\" class=\"attachment-thumbnail size-thumbnail\" alt=\"\" decoding=\"async\" loading=\"lazy\" \/><\/a>\n\t\t\t<\/dt><\/dl><br style=\"clear: both\" \/><dl class='gallery-item'>\n\t\t\t<dt class='gallery-icon landscape'>\n\t\t\t\t<a href='http:\/\/muntdemots.org\/2010\/2010\/10\/munt-de-mots-amb-ruben-martinez-i-oriol-toro\/cimg3317\/'><img width=\"150\" height=\"150\" src=\"https:\/\/muntdemots.org\/2010\/wp-content\/uploads\/2010\/10\/CIMG3317-150x150.jpg\" class=\"attachment-thumbnail size-thumbnail\" alt=\"\" decoding=\"async\" loading=\"lazy\" \/><\/a>\n\t\t\t<\/dt><\/dl><dl class='gallery-item'>\n\t\t\t<dt class='gallery-icon landscape'>\n\t\t\t\t<a href='http:\/\/muntdemots.org\/2010\/2010\/10\/munt-de-mots-amb-ruben-martinez-i-oriol-toro\/cimg3320\/'><img width=\"150\" height=\"150\" src=\"https:\/\/muntdemots.org\/2010\/wp-content\/uploads\/2010\/10\/CIMG3320-150x150.jpg\" class=\"attachment-thumbnail size-thumbnail\" alt=\"\" decoding=\"async\" loading=\"lazy\" \/><\/a>\n\t\t\t<\/dt><\/dl>\n\t\t\t<br style='clear: both' \/>\n\t\t<\/div>\n\n<p>Felicitats als tres!<\/p>\n","protected":false},"excerpt":{"rendered":"<p>Si\u00a0alguna cosa t\u00e9 aquest art de la narraci\u00f3 oral \u00e9s la seva capacitat de recrear contes en tot moment! Per circumst\u00e0ncies imprevistes, la Fanny no ha pogut acompanyar-nos avui amb els seus contes al Centre C\u00edvic Les Corts.\u00a0Aix\u00ed que en Rub\u00e9n Mart\u00ednez i l\u2019Oriol Toro ens han sorpr\u00e8s amb un espectacle infantil on no han [&hellip;]<\/p>\n","protected":false},"author":13,"featured_media":0,"comment_status":"open","ping_status":"open","sticky":false,"template":"","format":"standard","meta":[],"categories":[1],"tags":[],"_links":{"self":[{"href":"http:\/\/muntdemots.org\/2010\/wp-json\/wp\/v2\/posts\/1777"}],"collection":[{"href":"http:\/\/muntdemots.org\/2010\/wp-json\/wp\/v2\/posts"}],"about":[{"href":"http:\/\/muntdemots.org\/2010\/wp-json\/wp\/v2\/types\/post"}],"author":[{"embeddable":true,"href":"http:\/\/muntdemots.org\/2010\/wp-json\/wp\/v2\/users\/13"}],"replies":[{"embeddable":true,"href":"http:\/\/muntdemots.org\/2010\/wp-json\/wp\/v2\/comments?post=1777"}],"version-history":[{"count":6,"href":"http:\/\/muntdemots.org\/2010\/wp-json\/wp\/v2\/posts\/1777\/revisions"}],"predecessor-version":[{"id":1813,"href":"http:\/\/muntdemots.org\/2010\/wp-json\/wp\/v2\/posts\/1777\/revisions\/1813"}],"wp:attachment":[{"href":"http:\/\/muntdemots.org\/2010\/wp-json\/wp\/v2\/media?parent=1777"}],"wp:term":[{"taxonomy":"category","embeddable":true,"href":"http:\/\/muntdemots.org\/2010\/wp-json\/wp\/v2\/categories?post=1777"},{"taxonomy":"post_tag","embeddable":true,"href":"http:\/\/muntdemots.org\/2010\/wp-json\/wp\/v2\/tags?post=1777"}],"curies":[{"name":"wp","href":"https:\/\/api.w.org\/{rel}","templated":true}]}}