{"id":1731,"date":"2010-10-17T16:44:13","date_gmt":"2010-10-17T16:44:13","guid":{"rendered":"http:\/\/www.muntdemots.org\/?p=1731"},"modified":"2010-10-17T16:44:19","modified_gmt":"2010-10-17T16:44:19","slug":"16102010-exposicio-fotografica-marc-virgili-al-pati-llimona","status":"publish","type":"post","link":"http:\/\/muntdemots.org\/2010\/2010\/10\/16102010-exposicio-fotografica-marc-virgili-al-pati-llimona\/","title":{"rendered":"16\/10\/2010 Exposici\u00f3 Fotografica Marc Virgili, al Pati Llimona"},"content":{"rendered":"<p>Amb un notable \u00e8xit de p\u00fablic s&#8217;inaugura al Pati Llimona la Exposici\u00f3 fotografica <span style=\"color: #0000ff\">HI HAVIA UNA VEGADA <\/span>d&#8217;en MARC VIRGILI.<\/p>\n<p><a href=\"\/2010\/wp-content\/uploads\/2010\/10\/munt-de-mots-16-017.jpg\"><img decoding=\"async\" loading=\"lazy\" class=\"alignright size-medium wp-image-1735\" src=\"\/2010\/wp-content\/uploads\/2010\/10\/munt-de-mots-16-017-300x200.jpg\" alt=\"\" width=\"300\" height=\"200\" srcset=\"https:\/\/muntdemots.org\/2010\/wp-content\/uploads\/2010\/10\/munt-de-mots-16-017-300x200.jpg 300w, https:\/\/muntdemots.org\/2010\/wp-content\/uploads\/2010\/10\/munt-de-mots-16-017.jpg 800w\" sizes=\"(max-width: 300px) 100vw, 300px\" \/><\/a><a href=\"\/2010\/wp-content\/uploads\/2010\/10\/munt-de-mots-16-0191.jpg\"><img decoding=\"async\" loading=\"lazy\" class=\"aligncenter size-medium wp-image-1736\" src=\"\/2010\/wp-content\/uploads\/2010\/10\/munt-de-mots-16-0191-300x222.jpg\" alt=\"\" width=\"300\" height=\"222\" srcset=\"https:\/\/muntdemots.org\/2010\/wp-content\/uploads\/2010\/10\/munt-de-mots-16-0191-300x222.jpg 300w, https:\/\/muntdemots.org\/2010\/wp-content\/uploads\/2010\/10\/munt-de-mots-16-0191.jpg 800w\" sizes=\"(max-width: 300px) 100vw, 300px\" \/><\/a><a href=\"\/2010\/wp-content\/uploads\/2010\/10\/munt-de-mots-16-022.jpg\"><img decoding=\"async\" loading=\"lazy\" class=\"alignleft size-medium wp-image-1737\" src=\"\/2010\/wp-content\/uploads\/2010\/10\/munt-de-mots-16-022-300x200.jpg\" alt=\"\" width=\"300\" height=\"200\" srcset=\"https:\/\/muntdemots.org\/2010\/wp-content\/uploads\/2010\/10\/munt-de-mots-16-022-300x200.jpg 300w, https:\/\/muntdemots.org\/2010\/wp-content\/uploads\/2010\/10\/munt-de-mots-16-022.jpg 800w\" sizes=\"(max-width: 300px) 100vw, 300px\" \/><\/a><\/p>\n","protected":false},"excerpt":{"rendered":"<p>Amb un notable \u00e8xit de p\u00fablic s&#8217;inaugura al Pati Llimona la Exposici\u00f3 fotografica HI HAVIA UNA VEGADA d&#8217;en MARC VIRGILI.<\/p>\n","protected":false},"author":3,"featured_media":0,"comment_status":"open","ping_status":"open","sticky":false,"template":"","format":"standard","meta":[],"categories":[1],"tags":[],"_links":{"self":[{"href":"http:\/\/muntdemots.org\/2010\/wp-json\/wp\/v2\/posts\/1731"}],"collection":[{"href":"http:\/\/muntdemots.org\/2010\/wp-json\/wp\/v2\/posts"}],"about":[{"href":"http:\/\/muntdemots.org\/2010\/wp-json\/wp\/v2\/types\/post"}],"author":[{"embeddable":true,"href":"http:\/\/muntdemots.org\/2010\/wp-json\/wp\/v2\/users\/3"}],"replies":[{"embeddable":true,"href":"http:\/\/muntdemots.org\/2010\/wp-json\/wp\/v2\/comments?post=1731"}],"version-history":[{"count":2,"href":"http:\/\/muntdemots.org\/2010\/wp-json\/wp\/v2\/posts\/1731\/revisions"}],"predecessor-version":[{"id":1770,"href":"http:\/\/muntdemots.org\/2010\/wp-json\/wp\/v2\/posts\/1731\/revisions\/1770"}],"wp:attachment":[{"href":"http:\/\/muntdemots.org\/2010\/wp-json\/wp\/v2\/media?parent=1731"}],"wp:term":[{"taxonomy":"category","embeddable":true,"href":"http:\/\/muntdemots.org\/2010\/wp-json\/wp\/v2\/categories?post=1731"},{"taxonomy":"post_tag","embeddable":true,"href":"http:\/\/muntdemots.org\/2010\/wp-json\/wp\/v2\/tags?post=1731"}],"curies":[{"name":"wp","href":"https:\/\/api.w.org\/{rel}","templated":true}]}}